{"id":942,"date":"2024-07-06T15:42:50","date_gmt":"2024-07-06T18:42:50","guid":{"rendered":"https:\/\/talkiemarketing.com.br\/?p=942"},"modified":"2024-07-06T15:42:50","modified_gmt":"2024-07-06T18:42:50","slug":"politica-de-privacidade","status":"publish","type":"post","link":"https:\/\/talkiemarketing.com.br\/blog\/2024\/07\/06\/politica-de-privacidade\/","title":{"rendered":"Pol\u00edtica de privacidade &#8211; o que \u00e9 e como criar uma para seu site"},"content":{"rendered":"\n<h1 class=\"wp-block-heading has-black-color has-text-color has-link-color wp-elements-1\">Pol\u00edtica de privacidade &#8211; o que \u00e9 e como criar uma para seu site<\/h1>\n\n\n\n<div style=\"height:28px\" aria-hidden=\"true\" class=\"wp-block-spacer\"><\/div>\n\n\n\n<p class=\"has-black-color has-text-color has-link-color wp-elements-2 wp-block-paragraph\">No mundo digital de hoje, compartilhamos uma quantidade enorme de informa\u00e7\u00f5es pessoais com sites, aplicativos e servi\u00e7os online. Mas voc\u00ea j\u00e1 parou para pensar em como essas informa\u00e7\u00f5es s\u00e3o utilizadas? \u00c9 a\u00ed que entra a <strong>pol\u00edtica de privacidade<\/strong>, um documento crucial que define como seus dados s\u00e3o coletados, usados e protegidos. <\/p>\n\n\n\n<p class=\"has-black-color has-text-color has-link-color wp-elements-3 wp-block-paragraph\">Neste blogpost, vamos falar sobre o assunto e tamb\u00e9m<strong> te ajudar a criar uma pol\u00edtica de privacidade para seu site.<\/strong>  Vamos?<\/p>\n\n\n\n<div style=\"height:25px\" aria-hidden=\"true\" class=\"wp-block-spacer\"><\/div>\n\n\n\n<h2 class=\"wp-block-heading has-black-color has-text-color has-link-color wp-elements-4\">O que \u00e9 pol\u00edtica de privacidade?<\/h2>\n\n\n\n<p class=\"has-black-color has-text-color has-link-color wp-elements-5 wp-block-paragraph\">A <strong>pol\u00edtica de privacidade<\/strong> \u00e9 um documento ou uma declara\u00e7\u00e3o que divulga como uma organiza\u00e7\u00e3o coleta, usa, armazena e compartilha as informa\u00e7\u00f5es pessoais dos usu\u00e1rios. Este documento \u00e9 fundamental para qualquer site ou aplicativo que lida com dados de usu\u00e1rios, sejam eles nomes, endere\u00e7os de e-mail, informa\u00e7\u00f5es de pagamento ou qualquer outro tipo de dado pessoal.<\/p>\n\n\n\n<p class=\"has-black-color has-text-color has-link-color wp-elements-6 wp-block-paragraph\">A <strong>pol\u00edtica de privacidade<\/strong> detalha os tipos de dados coletados, as finalidades para as quais esses dados s\u00e3o usados e com quem eles s\u00e3o compartilhados. Ela tamb\u00e9m explica os direitos dos usu\u00e1rios em rela\u00e7\u00e3o aos seus dados, incluindo como acessar, corrigir ou excluir suas informa\u00e7\u00f5es. Al\u00e9m disso, a pol\u00edtica de privacidade deve abordar as medidas de seguran\u00e7a adotadas para proteger os dados pessoais contra acesso n\u00e3o autorizado, perda ou divulga\u00e7\u00e3o.<\/p>\n\n\n\n<div style=\"height:32px\" aria-hidden=\"true\" class=\"wp-block-spacer\"><\/div>\n\n\n\n<h2 class=\"wp-block-heading has-black-color has-text-color has-link-color wp-elements-7\">Qual a import\u00e2ncia de uma pol\u00edtica de privacidade?<\/h2>\n\n\n\n<figure class=\"wp-block-image size-full is-resized\"><img decoding=\"async\" src=\"https:\/\/talkiemarketing.com.br\/wp-content\/uploads\/2024\/07\/pexels-photo-574069.jpeg\" alt=\"Pol\u00edtica de privacidade\" class=\"wp-image-950\" style=\"width:637px;height:auto\" \/><figcaption class=\"wp-element-caption\">Foto por Lukas em <a href=\"https:\/\/www.pexels.com\/pt-br\/foto\/computador-laptop-mostrando-aplicativo-c-574069\/\" rel=\"nofollow\">Pexels.com<\/a><\/figcaption><\/figure>\n\n\n\n<h3 class=\"wp-block-heading has-black-color has-text-color has-link-color wp-elements-8\">1. <strong>Cumprimento legal<\/strong><\/h3>\n\n\n\n<p class=\"has-black-color has-text-color has-link-color wp-elements-9 wp-block-paragraph\">Em muitas jurisdi\u00e7\u00f5es, \u00e9 obrigat\u00f3rio por lei que os sites e aplicativos tenham uma <strong>pol\u00edtica de privacidade<\/strong> clara e acess\u00edvel. Regulamenta\u00e7\u00f5es como o Regulamento Geral sobre a Prote\u00e7\u00e3o de Dados (GDPR) na Uni\u00e3o Europeia, a Lei de Privacidade do Consumidor da Calif\u00f3rnia (CCPA) nos Estados Unidos, e a Lei Geral de Prote\u00e7\u00e3o de Dados (LGPD) no Brasil exigem que as empresas informem os usu\u00e1rios sobre como seus dados s\u00e3o tratados.<\/p>\n\n\n\n<h3 class=\"wp-block-heading has-black-color has-text-color has-link-color wp-elements-10\">2. <strong>Transpar\u00eancia e confian\u00e7a<\/strong><\/h3>\n\n\n\n<p class=\"has-black-color has-text-color has-link-color wp-elements-11 wp-block-paragraph\">Uma <strong>pol\u00edtica de privacidade<\/strong> bem escrita e clara aumenta a transpar\u00eancia e ajuda a construir confian\u00e7a com os usu\u00e1rios. Quando as pessoas sabem como suas informa\u00e7\u00f5es ser\u00e3o usadas, elas se sentem mais seguras e confiantes ao interagir com seu site ou aplicativo. Isso pode levar a um aumento no n\u00famero de usu\u00e1rios, assinantes ou clientes.<\/p>\n\n\n\n<h3 class=\"wp-block-heading has-black-color has-text-color has-link-color wp-elements-12\">3. <strong>Seguran\u00e7a<\/strong><\/h3>\n\n\n\n<p class=\"has-black-color has-text-color has-link-color wp-elements-13 wp-block-paragraph\">Ter uma <strong>pol\u00edtica de privacidade<\/strong> n\u00e3o s\u00f3 ajuda a proteger os direitos dos usu\u00e1rios, mas tamb\u00e9m pode ajudar a proteger sua empresa contra viola\u00e7\u00f5es de dados e poss\u00edveis a\u00e7\u00f5es legais. Ao definir claramente as pr\u00e1ticas de manuseio de dados, sua empresa pode implementar medidas de seguran\u00e7a adequadas e evitar a coleta ou uso inadequado de informa\u00e7\u00f5es pessoais.<\/p>\n\n\n\n<h3 class=\"wp-block-heading has-black-color has-text-color has-link-color wp-elements-14\">4. <strong>Melhoria da reputa\u00e7\u00e3o<\/strong><\/h3>\n\n\n\n<p class=\"has-black-color has-text-color has-link-color wp-elements-15 wp-block-paragraph\">Empresas que levam a privacidade dos usu\u00e1rios a s\u00e9rio tendem a ter uma reputa\u00e7\u00e3o melhor. Uma boa <strong>pol\u00edtica de privacidade<\/strong> mostra que voc\u00ea valoriza a seguran\u00e7a e a privacidade dos dados dos usu\u00e1rios, o que pode diferenciar sua empresa da concorr\u00eancia e melhorar sua imagem no mercado.<\/p>\n\n\n\n<div style=\"height:32px\" aria-hidden=\"true\" class=\"wp-block-spacer\"><\/div>\n\n\n\n<h2 class=\"wp-block-heading has-black-color has-text-color has-link-color wp-elements-16\">Quais s\u00e3o os benef\u00edcios de uma pol\u00edtica de privacidade?<\/h2>\n\n\n\n<h3 class=\"wp-block-heading has-black-color has-text-color has-link-color wp-elements-17\">1. <strong>Prote\u00e7\u00e3o contra a\u00e7\u00f5es legais<\/strong><\/h3>\n\n\n\n<p class=\"has-black-color has-text-color has-link-color wp-elements-18 wp-block-paragraph\">Uma <strong>pol\u00edtica de privacidade<\/strong> detalhada e bem escrita pode proteger sua empresa contra a\u00e7\u00f5es legais. Se voc\u00ea deixar claro como e por que est\u00e1 coletando dados, bem como as medidas de seguran\u00e7a que voc\u00ea tomou para proteger esses dados, pode evitar acusa\u00e7\u00f5es de neglig\u00eancia ou uso indevido de informa\u00e7\u00f5es.<\/p>\n\n\n\n<h3 class=\"wp-block-heading has-black-color has-text-color has-link-color wp-elements-19\">2. <strong>Conformidade com regulamenta\u00e7\u00f5es<\/strong><\/h3>\n\n\n\n<p class=\"has-black-color has-text-color has-link-color wp-elements-20 wp-block-paragraph\">Como mencionado, muitas jurisdi\u00e7\u00f5es exigem uma pol\u00edtica de privacidade. Ter uma em vigor garante que voc\u00ea esteja em conformidade com essas regulamenta\u00e7\u00f5es, evitando multas e san\u00e7\u00f5es.<\/p>\n\n\n\n<h3 class=\"wp-block-heading has-black-color has-text-color has-link-color wp-elements-21\">3. <strong>Aumento da confian\u00e7a do usu\u00e1rio<\/strong><\/h3>\n\n\n\n<figure class=\"wp-block-image size-full is-resized\"><img decoding=\"async\" src=\"https:\/\/talkiemarketing.com.br\/wp-content\/uploads\/2024\/07\/pexels-photo-3584924.jpeg\" alt=\"Pol\u00edtica de privacidade\" class=\"wp-image-960\" style=\"width:648px;height:auto\" \/><figcaption class=\"wp-element-caption\">Foto por cottonbro studio em <a href=\"https:\/\/www.pexels.com\/pt-br\/foto\/homem-usando-smartphone-3584924\/\" rel=\"nofollow\">Pexels.com<\/a><\/figcaption><\/figure>\n\n\n\n<p class=\"has-black-color has-text-color has-link-color wp-elements-22 wp-block-paragraph\">Usu\u00e1rios que confiam na sua empresa s\u00e3o mais propensos a se tornar clientes leais. Ao ser transparente sobre suas pr\u00e1ticas de privacidade, voc\u00ea pode aumentar a confian\u00e7a do usu\u00e1rio e, consequentemente, sua base de clientes.<\/p>\n\n\n\n<h3 class=\"wp-block-heading has-black-color has-text-color has-link-color wp-elements-23\">4. <strong>Melhora no relacionamento com clientes<\/strong><\/h3>\n\n\n\n<p class=\"has-black-color has-text-color has-link-color wp-elements-24 wp-block-paragraph\">Uma pol\u00edtica de privacidade clara e acess\u00edvel pode melhorar o relacionamento com seus clientes, proporcionando-lhes uma melhor compreens\u00e3o de como seus dados s\u00e3o usados e protegidos. Isso pode resultar em uma experi\u00eancia do cliente mais positiva e em uma maior lealdade.<\/p>\n\n\n\n<h3 class=\"wp-block-heading has-black-color has-text-color has-link-color wp-elements-25\">5. <strong>Vantagem competitiva<\/strong><\/h3>\n\n\n\n<p class=\"has-black-color has-text-color has-link-color wp-elements-26 wp-block-paragraph\">Em um mercado onde a privacidade dos dados se tornou uma grande preocupa\u00e7\u00e3o, ter uma pol\u00edtica de privacidade robusta pode ser uma vantagem competitiva. Isso pode ajudar a atrair clientes que est\u00e3o particularmente preocupados com a seguran\u00e7a de suas informa\u00e7\u00f5es pessoais.<\/p>\n\n\n\n<div style=\"height:32px\" aria-hidden=\"true\" class=\"wp-block-spacer\"><\/div>\n\n\n\n<h2 class=\"wp-block-heading has-black-color has-text-color has-link-color wp-elements-27\">Como criar uma pol\u00edtica de privacidade para seu site?<\/h2>\n\n\n\n<h3 class=\"wp-block-heading has-black-color has-text-color has-link-color wp-elements-28\">1. <strong>Identifique as informa\u00e7\u00f5es coletadas<\/strong><\/h3>\n\n\n\n<p class=\"has-black-color has-text-color has-link-color wp-elements-29 wp-block-paragraph\">O primeiro passo para criar uma <strong>pol\u00edtica de privacidade <\/strong>\u00e9 identificar quais informa\u00e7\u00f5es voc\u00ea coleta dos usu\u00e1rios. Isso pode incluir:<\/p>\n\n\n\n<ul class=\"wp-block-list has-black-color has-text-color has-link-color wp-elements-30\">\n<li>Informa\u00e7\u00f5es de contato, como nome e endere\u00e7o de e-mail.<\/li>\n\n\n\n<li>Informa\u00e7\u00f5es de pagamento, como n\u00famero de cart\u00e3o de cr\u00e9dito.<\/li>\n\n\n\n<li>Dados de navega\u00e7\u00e3o, como endere\u00e7o IP e comportamento de navega\u00e7\u00e3o.<\/li>\n\n\n\n<li>Informa\u00e7\u00f5es demogr\u00e1ficas, como idade e g\u00eanero.<\/li>\n<\/ul>\n\n\n\n<h3 class=\"wp-block-heading has-black-color has-text-color has-link-color wp-elements-31\">2. <strong>Explique como as informa\u00e7\u00f5es s\u00e3o usadas<\/strong><\/h3>\n\n\n\n<p class=\"has-black-color has-text-color has-link-color wp-elements-32 wp-block-paragraph\">Ap\u00f3s identificar as informa\u00e7\u00f5es coletadas, voc\u00ea deve explicar como essas informa\u00e7\u00f5es ser\u00e3o usadas. Por exemplo:<\/p>\n\n\n\n<ul class=\"wp-block-list has-black-color has-text-color has-link-color wp-elements-33\">\n<li>Para processar transa\u00e7\u00f5es.<\/li>\n\n\n\n<li>Para melhorar a experi\u00eancia do usu\u00e1rio no site.<\/li>\n\n\n\n<li>Para enviar e-mails promocionais ou newsletters.<\/li>\n\n\n\n<li>Para fins de marketing e publicidade.<\/li>\n<\/ul>\n\n\n\n<h3 class=\"wp-block-heading has-black-color has-text-color has-link-color wp-elements-34\">3. <strong>Descreva as medidas de seguran\u00e7a<\/strong><\/h3>\n\n\n\n<p class=\"has-black-color has-text-color has-link-color wp-elements-35 wp-block-paragraph\">\u00c9 importante que sua <strong>pol\u00edtica de privacidade<\/strong> detalhe as medidas de seguran\u00e7a que voc\u00ea implementou para proteger os dados dos usu\u00e1rios. Isso pode incluir:<\/p>\n\n\n\n<ul class=\"wp-block-list has-black-color has-text-color has-link-color wp-elements-36\">\n<li>Criptografia de dados.<\/li>\n\n\n\n<li>Uso de firewalls e outras medidas de seguran\u00e7a de rede.<\/li>\n\n\n\n<li>Procedimentos internos para limitar o acesso aos dados.<\/li>\n<\/ul>\n\n\n\n<h3 class=\"wp-block-heading has-black-color has-text-color has-link-color wp-elements-37\">4. <strong>Explique os direitos dos usu\u00e1rios<\/strong><\/h3>\n\n\n\n<p class=\"has-black-color has-text-color has-link-color wp-elements-38 wp-block-paragraph\">Sua <strong>pol\u00edtica de privacidade<\/strong> deve explicar os direitos dos usu\u00e1rios em rela\u00e7\u00e3o aos seus dados. Isso pode incluir:<\/p>\n\n\n\n<ul class=\"wp-block-list has-black-color has-text-color has-link-color wp-elements-39\">\n<li>O direito de acessar suas informa\u00e7\u00f5es.<\/li>\n\n\n\n<li>O direito de corrigir informa\u00e7\u00f5es incorretas.<\/li>\n\n\n\n<li>O direito de excluir suas informa\u00e7\u00f5es.<\/li>\n\n\n\n<li>O direito de optar por n\u00e3o receber comunica\u00e7\u00f5es de marketing.<\/li>\n<\/ul>\n\n\n\n<h3 class=\"wp-block-heading has-black-color has-text-color has-link-color wp-elements-40\">5. <strong>Informe sobre compartilhamento de dados<\/strong><\/h3>\n\n\n\n<p class=\"has-black-color has-text-color has-link-color wp-elements-41 wp-block-paragraph\">Explique se e como voc\u00ea compartilha dados com terceiros. Por exemplo:<\/p>\n\n\n\n<ul class=\"wp-block-list has-black-color has-text-color has-link-color wp-elements-42\">\n<li>Com parceiros de neg\u00f3cios.<\/li>\n\n\n\n<li>Com fornecedores de servi\u00e7os que ajudam a operar seu site.<\/li>\n\n\n\n<li>Com autoridades legais, se necess\u00e1rio.<\/li>\n<\/ul>\n\n\n\n<h3 class=\"wp-block-heading has-black-color has-text-color has-link-color wp-elements-43\">6. <strong>Inclua informa\u00e7\u00f5es de contato<\/strong><\/h3>\n\n\n\n<p class=\"has-black-color has-text-color has-link-color wp-elements-44 wp-block-paragraph\">Certifique-se de incluir informa\u00e7\u00f5es de contato para que os usu\u00e1rios possam entrar em contato com voc\u00ea em caso de d\u00favidas ou preocupa\u00e7\u00f5es sobre sua pol\u00edtica de privacidade.<\/p>\n\n\n\n<h3 class=\"wp-block-heading has-black-color has-text-color has-link-color wp-elements-45\">7. <strong>Atualize regularmente<\/strong><\/h3>\n\n\n\n<p class=\"has-black-color has-text-color has-link-color wp-elements-46 wp-block-paragraph\">As pr\u00e1ticas de privacidade podem mudar ao longo do tempo. Portanto, \u00e9 importante revisar e atualizar sua pol\u00edtica de privacidade regularmente para garantir que ela reflita com precis\u00e3o suas pr\u00e1ticas atuais.<\/p>\n\n\n\n<h3 class=\"wp-block-heading has-black-color has-text-color has-link-color wp-elements-47\">8. <strong>Utilize um gerador de pol\u00edtica de privacidade<\/strong><\/h3>\n\n\n\n<p class=\"has-black-color has-text-color has-link-color wp-elements-48 wp-block-paragraph\">Para facilitar a cria\u00e7\u00e3o de uma pol\u00edtica de privacidade,<strong> voc\u00ea pode usar ferramentas online que ajudam a gerar um documento baseado nas informa\u00e7\u00f5es que voc\u00ea fornece. Algumas dessas ferramentas incluem o <a href=\"https:\/\/termly.io\/\">Termly<\/a>, o <a href=\"https:\/\/www.iubenda.com\/\">Iubenda<\/a> e o <a href=\"https:\/\/app.privacypolicies.com\/\">Privacy Policies<\/a>.<\/strong><\/p>\n\n\n\n<div style=\"height:32px\" aria-hidden=\"true\" class=\"wp-block-spacer\"><\/div>\n\n\n\n<p class=\"has-black-color has-text-color has-link-color wp-elements-49 wp-block-paragraph\">A <strong>pol\u00edtica de privacidade \u00e9 um componente essencial para qualquer site ou aplicativo que lida com dados de usu\u00e1rios. <\/strong>Ela n\u00e3o s\u00f3 ajuda a cumprir regulamenta\u00e7\u00f5es legais, mas tamb\u00e9m aumenta a transpar\u00eancia, constr\u00f3i confian\u00e7a, e melhora a seguran\u00e7a. Criar uma pol\u00edtica de privacidade clara e compreensiva \u00e9 um investimento valioso para proteger tanto os usu\u00e1rios quanto sua empresa, proporcionando uma base s\u00f3lida para um relacionamento de confian\u00e7a e seguran\u00e7a. Ao seguir os passos descritos acima, voc\u00ea pode garantir que sua pol\u00edtica de privacidade esteja bem estruturada e cumpra todas as exig\u00eancias legais, al\u00e9m de atender \u00e0s expectativas dos usu\u00e1rios em rela\u00e7\u00e3o \u00e0 privacidade de seus dados.<\/p>\n\n\n\n<p class=\"has-black-color has-text-color has-link-color wp-elements-50 wp-block-paragraph\">Gostou desse conte\u00fado? Confira outros materiais como este em nosso <a href=\"https:\/\/talkiemarketing.com.br\/blog-marketing-digital\/\"><strong>blog<\/strong><\/a>. =D<\/p>\n\n\n\n<div style=\"height:49px\" aria-hidden=\"true\" class=\"wp-block-spacer\"><\/div>\n\n\n\n<div class=\"wp-block-group\"><div class=\"wp-block-group__inner-container is-layout-constrained wp-block-group-is-layout-constrained\">\n<p class=\"has-black-color has-text-color has-link-color wp-elements-51 wp-block-paragraph\" style=\"font-size:25px\">Quem escreveu este artigo?<\/p>\n\n\n\n<div style=\"height:25px\" aria-hidden=\"true\" class=\"wp-block-spacer\"><\/div>\n\n\n<div style=\"padding-top:0;padding-right:0;padding-bottom:0;padding-left:0;margin-top:50;margin-right:50;margin-bottom:50;margin-left:50\" class=\"wp-block-post-author has-small-font-size\"><div class=\"wp-block-post-author__avatar\"><img alt='' src='https:\/\/secure.gravatar.com\/avatar\/?s=96&#038;d=mm&#038;r=g' srcset='https:\/\/secure.gravatar.com\/avatar\/?s=192&#038;d=mm&#038;r=g 2x' class='avatar avatar-96 photo avatar-default' height='96' width='96' \/><\/div><div class=\"wp-block-post-author__content\"><p class=\"wp-block-post-author__name\"><a href=\"https:\/\/talkiemarketing.com.br\/blog\/author\/fabianomeira\/\" target=\"_self\">FabianoMeira<\/a><\/p><p class=\"wp-block-post-author__bio\"><\/p><\/div><\/div>\n\n\n<div class=\"wp-block-columns is-layout-flex wp-container-core-columns-is-layout-8f761849 wp-block-columns-is-layout-flex\">\n<div class=\"wp-block-column is-layout-flow wp-block-column-is-layout-flow\" style=\"flex-basis:33.33%\">\n<div style=\"height:32px\" aria-hidden=\"true\" class=\"wp-block-spacer\"><\/div>\n<\/div>\n\n\n\n<div class=\"wp-block-column is-layout-flow wp-block-column-is-layout-flow\" style=\"flex-basis:66.66%\">\n<p class=\"wp-block-paragraph\">Compartilhe este <a href=\"https:\/\/talkiemarketing.com.br\/blog-marketing-digital\/\">conte\u00fado<\/a> nas redes sociais:<\/p>\n<\/div>\n<\/div>\n\n\n\n<div class=\"wp-block-columns is-layout-flex wp-container-core-columns-is-layout-8f761849 wp-block-columns-is-layout-flex\">\n<div class=\"wp-block-column is-layout-flow wp-block-column-is-layout-flow\" style=\"flex-basis:33.33%\">\n<div style=\"margin-top:0;margin-bottom:0;height:72px\" aria-hidden=\"true\" class=\"wp-block-spacer\"><\/div>\n<\/div>\n\n\n\n<div class=\"wp-block-column is-layout-flow wp-block-column-is-layout-flow\" style=\"flex-basis:66.66%\">\n<ul class=\"wp-block-jetpack-sharing-buttons has-normal-icon-size jetpack-sharing-buttons__services-list\" id=\"jetpack-sharing-serivces-list\">\n\n\n\n<\/ul>\n<\/div>\n<\/div>\n<\/div><\/div>\n\n\n\n<figure class=\"wp-block-image size-large\"><a href=\"https:\/\/api.whatsapp.com\/send?phone=5548988601168\"><img decoding=\"async\" src=\"https:\/\/talkiemarketing.com.br\/wp-content\/uploads\/2024\/06\/design-sem-nome.png?w=1024\" alt=\"ag\u00eancia de marketing digital\" class=\"wp-image-530\" \/><\/a><\/figure>\n\n\n\n<div style=\"height:49px\" aria-hidden=\"true\" class=\"wp-block-spacer\"><\/div>\n\n\n\n<div class=\"wp-block-group alignfull is-content-justification-center\" style=\"margin-top:0;margin-bottom:0;padding-top:calc( 0.5 * var(--wp--style--root--padding-right, var(--wp--custom--gap--horizontal)));padding-right:var(--wp--style--root--padding-right, var(--wp--custom--gap--horizontal));padding-bottom:calc( 0.5 * var(--wp--style--root--padding-right, var(--wp--custom--gap--horizontal)));padding-left:var(--wp--style--root--padding-left, var(--wp--custom--gap--horizontal))\"><div class=\"wp-block-group__inner-container is-layout-constrained wp-container-core-group-is-layout-2dc3bf18 wp-block-group-is-layout-constrained\">\n<div style=\"height:calc( 0.25 * var(--wp--style--root--padding-right, var(--wp--custom--gap--horizontal)))\" aria-hidden=\"true\" class=\"wp-block-spacer\"><\/div>\n\n\n\n<div data-wp-context=\"{}\" data-wp-interactive=\"core\/query\" data-wp-key=\"9\" data-wp-router-region=\"query-9\" class=\"wp-block-query alignwide is-layout-flow wp-block-query-is-layout-flow\"><ul class=\"columns-3 wp-block-post-template is-layout-grid wp-container-core-post-template-is-layout-44c74675 wp-block-post-template-is-layout-grid\"><li data-wp-key=\"post-template-item-2003\" class=\"wp-block-post post-2003 post type-post status-publish format-standard has-post-thumbnail hentry category-marketing-digital category-marketing-geral\">\n\n<div class=\"wp-block-group\"><div class=\"wp-block-group__inner-container is-layout-flow wp-block-group-is-layout-flow\"><figure class=\"wp-block-post-featured-image\"><img loading=\"lazy\" decoding=\"async\" width=\"640\" height=\"427\" src=\"https:\/\/talkiemarketing.com.br\/blog\/wp-content\/uploads\/2025\/09\/pexels-printexstar-11623621.jpg\" class=\"attachment-post-thumbnail size-post-thumbnail wp-post-image\" alt=\"marketing medico\" style=\"aspect-ratio:4\/3;width:100%;object-fit:cover;\" srcset=\"https:\/\/talkiemarketing.com.br\/blog\/wp-content\/uploads\/2025\/09\/pexels-printexstar-11623621.jpg 640w, https:\/\/talkiemarketing.com.br\/blog\/wp-content\/uploads\/2025\/09\/pexels-printexstar-11623621-300x200.jpg 300w\" sizes=\"auto, (max-width: 640px) 100vw, 640px\" \/><\/figure>\n\n\n<div class=\"wp-block-group\"><div class=\"wp-block-group__inner-container is-layout-constrained wp-block-group-is-layout-constrained\"><h3 class=\"has-text-align-left wp-block-post-title has-medium-font-size\"><a href=\"https:\/\/talkiemarketing.com.br\/blog\/2025\/09\/04\/dicas-de-marketing-e-organizacao-para-medicos\/\" target=\"_self\" >Dicas de Marketing e Organiza\u00e7\u00e3o para M\u00e9dicos<\/a><\/h3><\/div><\/div>\n<\/div><\/div>\n\n\n\n<div style=\"height:var(--wp--preset--spacing--40)\" aria-hidden=\"true\" class=\"wp-block-spacer\"><\/div>\n\n<\/li><li data-wp-key=\"post-template-item-1999\" class=\"wp-block-post post-1999 post type-post status-publish format-standard has-post-thumbnail hentry category-marketing-digital\">\n\n<div class=\"wp-block-group\"><div class=\"wp-block-group__inner-container is-layout-flow wp-block-group-is-layout-flow\"><figure class=\"wp-block-post-featured-image\"><img loading=\"lazy\" decoding=\"async\" width=\"640\" height=\"427\" src=\"https:\/\/talkiemarketing.com.br\/blog\/wp-content\/uploads\/2025\/07\/pexels-perfecto-capucine-515848-1475290.jpg\" class=\"attachment-post-thumbnail size-post-thumbnail wp-post-image\" alt=\"o que \u00e9 isca digital\" style=\"aspect-ratio:4\/3;width:100%;object-fit:cover;\" srcset=\"https:\/\/talkiemarketing.com.br\/blog\/wp-content\/uploads\/2025\/07\/pexels-perfecto-capucine-515848-1475290.jpg 640w, https:\/\/talkiemarketing.com.br\/blog\/wp-content\/uploads\/2025\/07\/pexels-perfecto-capucine-515848-1475290-300x200.jpg 300w\" sizes=\"auto, (max-width: 640px) 100vw, 640px\" \/><\/figure>\n\n\n<div class=\"wp-block-group\"><div class=\"wp-block-group__inner-container is-layout-constrained wp-block-group-is-layout-constrained\"><h3 class=\"has-text-align-left wp-block-post-title has-medium-font-size\"><a href=\"https:\/\/talkiemarketing.com.br\/blog\/2025\/07\/21\/o-que-e-isca-digital-guia-completo-para-capturar-leads\/\" target=\"_self\" >O que \u00e9 isca digital: guia completo para capturar leads<\/a><\/h3><\/div><\/div>\n<\/div><\/div>\n\n\n\n<div style=\"height:var(--wp--preset--spacing--40)\" aria-hidden=\"true\" class=\"wp-block-spacer\"><\/div>\n\n<\/li><li data-wp-key=\"post-template-item-1\" class=\"wp-block-post post-1 post type-post status-publish format-standard hentry category-uncategorized\">\n\n<div class=\"wp-block-group\"><div class=\"wp-block-group__inner-container is-layout-flow wp-block-group-is-layout-flow\">\n\n\n<div class=\"wp-block-group\"><div class=\"wp-block-group__inner-container is-layout-constrained wp-block-group-is-layout-constrained\"><h3 class=\"has-text-align-left wp-block-post-title has-medium-font-size\"><a href=\"https:\/\/talkiemarketing.com.br\/blog\/2025\/07\/01\/hello-world\/\" target=\"_self\" >Hello world!<\/a><\/h3><\/div><\/div>\n<\/div><\/div>\n\n\n\n<div style=\"height:var(--wp--preset--spacing--40)\" aria-hidden=\"true\" class=\"wp-block-spacer\"><\/div>\n\n<\/li><\/ul><\/div>\n<\/div><\/div>\n","protected":false},"excerpt":{"rendered":"<p>A pol\u00edtica de privacidade divulga como uma organiza\u00e7\u00e3o coleta, usa, armazena e compartilha dados pessoais. Vem aprender criar uma!<\/p>\n","protected":false},"author":2,"featured_media":964,"comment_status":"open","ping_status":"open","sticky":false,"template":"","format":"standard","meta":{"pagelayer_contact_templates":[],"_pagelayer_content":"","footnotes":""},"categories":[5,8],"tags":[59,72],"class_list":["post-942","post","type-post","status-publish","format-standard","has-post-thumbnail","hentry","category-marketing-geral","category-seo-search-engine-optimization","tag-marketing-digital","tag-politica-de-privacidade"],"_links":{"self":[{"href":"https:\/\/talkiemarketing.com.br\/blog\/wp-json\/wp\/v2\/posts\/942","targetHints":{"allow":["GET"]}}],"collection":[{"href":"https:\/\/talkiemarketing.com.br\/blog\/wp-json\/wp\/v2\/posts"}],"about":[{"href":"https:\/\/talkiemarketing.com.br\/blog\/wp-json\/wp\/v2\/types\/post"}],"author":[{"embeddable":true,"href":"https:\/\/talkiemarketing.com.br\/blog\/wp-json\/wp\/v2\/users\/2"}],"replies":[{"embeddable":true,"href":"https:\/\/talkiemarketing.com.br\/blog\/wp-json\/wp\/v2\/comments?post=942"}],"version-history":[{"count":0,"href":"https:\/\/talkiemarketing.com.br\/blog\/wp-json\/wp\/v2\/posts\/942\/revisions"}],"wp:attachment":[{"href":"https:\/\/talkiemarketing.com.br\/blog\/wp-json\/wp\/v2\/media?parent=942"}],"wp:term":[{"taxonomy":"category","embeddable":true,"href":"https:\/\/talkiemarketing.com.br\/blog\/wp-json\/wp\/v2\/categories?post=942"},{"taxonomy":"post_tag","embeddable":true,"href":"https:\/\/talkiemarketing.com.br\/blog\/wp-json\/wp\/v2\/tags?post=942"}],"curies":[{"name":"wp","href":"https:\/\/api.w.org\/{rel}","templated":true}]}}